{"id":1471,"date":"2025-09-17T17:40:14","date_gmt":"2025-09-17T21:40:14","guid":{"rendered":"https:\/\/diprevcon.mingobierno.gob.bo\/?post_type=nota_prensa&#038;p=1471"},"modified":"2025-09-17T17:40:14","modified_gmt":"2025-09-17T21:40:14","slug":"felcn-celebra-37-anos-con-resultados-historicos-en-la-lucha-contra-el-narcotrafico","status":"publish","type":"nota_prensa","link":"https:\/\/diprevcon.mingobierno.gob.bo\/?nota_prensa=felcn-celebra-37-anos-con-resultados-historicos-en-la-lucha-contra-el-narcotrafico","title":{"rendered":"FELCN celebra 37 a\u00f1os con resultados hist\u00f3ricos en la lucha contra el narcotr\u00e1fico"},"content":{"rendered":"","protected":false},"featured_media":0,"template":"","class_list":["post-1471","nota_prensa","type-nota_prensa","status-publish","hentry"],"acf":[],"_links":{"self":[{"href":"https:\/\/diprevcon.mingobierno.gob.bo\/index.php?rest_route=\/wp\/v2\/nota_prensa\/1471","targetHints":{"allow":["GET"]}}],"collection":[{"href":"https:\/\/diprevcon.mingobierno.gob.bo\/index.php?rest_route=\/wp\/v2\/nota_prensa"}],"about":[{"href":"https:\/\/diprevcon.mingobierno.gob.bo\/index.php?rest_route=\/wp\/v2\/types\/nota_prensa"}],"wp:attachment":[{"href":"https:\/\/diprevcon.mingobierno.gob.bo\/index.php?rest_route=%2Fwp%2Fv2%2Fmedia&parent=1471"}],"curies":[{"name":"wp","href":"https:\/\/api.w.org\/{rel}","templated":true}]}}